{"id":4535,"date":"2017-11-10T12:32:29","date_gmt":"2017-11-10T11:32:29","guid":{"rendered":"http:\/\/www.t-tresserras.com\/implantation-du-nouveau-systeme-de-gestion-ifs%e2%80%a8\/"},"modified":"2021-10-20T13:01:26","modified_gmt":"2021-10-20T12:01:26","slug":"implantation-du-nouveau-systeme-de-gestion-ifs%e2%80%a8","status":"publish","type":"post","link":"https:\/\/t-tresserras.com\/fr\/implantation-du-nouveau-systeme-de-gestion-ifs%e2%80%a8\/","title":{"rendered":"IMPLANTATION DU NOUVEAU SYST\u00c8ME <br>DE GESTION IFS\u2028"},"content":{"rendered":"<p align=\"justify\">Chez Transports Tresserras, visant \u00e0 garantir la s\u00e9curit\u00e9 alimentaire des personnes qui consomment les aliments que nous transportons, nous avons mis\u00e9 sur l\u2019implantation d\u2019un syst\u00e8me de gestion de la s\u00e9curit\u00e9 alimentaire fond\u00e9 sur <strong style=\"color: #007c57;\">les IFS (International Featured Standards) Logistics, version 2.1.<\/strong><\/p>\n<p align=\"justify\">Pendant le processus d\u2019implantation qui est lanc\u00e9, nous devrons compter sur la collaboration de toutes les parties int\u00e9ress\u00e9es par nos services.<\/p>\n<p align=\"justify\">L\u2019am\u00e9lioration de nos services et l\u2019accueil direct des clients est un \u00e9l\u00e9ment fondamental pour Transports Tresserras qui continuera \u00e0 travailler en ce sens dans le futur.<\/p>\n","protected":false},"excerpt":{"rendered":"<p>Chez Transports Tresserras, visant \u00e0 garantir la s\u00e9curit\u00e9 alimentaire des personnes qui consomment les aliments que nous transportons, nous avons mis\u00e9 sur l\u2019implantation d\u2019un syst\u00e8me de gestion de la s\u00e9curit\u00e9 alimentaire fond\u00e9 sur les IFS (International Featured Standards) Logistics, version 2.1. Pendant le processus d\u2019implantation qui est lanc\u00e9, nous devrons compter sur la collaboration de [&hellip;]<\/p>\n","protected":false},"author":2,"featured_media":951,"comment_status":"closed","ping_status":"closed","sticky":false,"template":"","format":"standard","meta":{"footnotes":""},"categories":[54],"tags":[],"class_list":["post-4535","post","type-post","status-publish","format-standard","has-post-thumbnail","hentry","category-securite"],"yoast_head":"<!-- This site is optimized with the Yoast SEO plugin v27.4 - https:\/\/yoast.com\/product\/yoast-seo-wordpress\/ -->\n<title>Syst\u00e8me IFS<\/title>\n<meta name=\"description\" content=\"Tresserras Transporte de grupaje internacional de mercanc\u00edas a temperatura controlada y logistica. IMPLANTATION DU NOUVEAU SYST\u00c8ME DE GESTION IFS\u2028 . Chez Transports Tresserras, visant \u00e0 garantir la s\u00e9curit\u00e9 alimentaire des personnes qui consomment les aliments que nous transportons, nous avons mis\u00e9 sur\" \/>\n<meta name=\"robots\" content=\"index, follow, max-snippet:-1, max-image-preview:large, max-video-preview:-1\" \/>\n<link rel=\"canonical\" href=\"https:\/\/t-tresserras.com\/fr\/implantation-du-nouveau-systeme-de-gestion-ifs%e2%80%a8\/\" \/>\n<meta property=\"og:locale\" content=\"fr_FR\" \/>\n<meta property=\"og:type\" content=\"article\" \/>\n<meta property=\"og:title\" content=\"Syst\u00e8me IFS\" \/>\n<meta property=\"og:description\" content=\"Tresserras Transporte de grupaje internacional de mercanc\u00edas a temperatura controlada y logistica. IMPLANTATION DU NOUVEAU SYST\u00c8ME DE GESTION IFS\u2028 . Chez Transports Tresserras, visant \u00e0 garantir la s\u00e9curit\u00e9 alimentaire des personnes qui consomment les aliments que nous transportons, nous avons mis\u00e9 sur\" \/>\n<meta property=\"og:url\" content=\"https:\/\/t-tresserras.com\/fr\/implantation-du-nouveau-systeme-de-gestion-ifs%e2%80%a8\/\" \/>\n<meta property=\"og:site_name\" content=\"Transports Tresserras\" \/>\n<meta property=\"article:publisher\" content=\"https:\/\/www.facebook.com\/pages\/Transports-Tresserras\" \/>\n<meta property=\"article:published_time\" content=\"2017-11-10T11:32:29+00:00\" \/>\n<meta property=\"article:modified_time\" content=\"2021-10-20T12:01:26+00:00\" \/>\n<meta property=\"og:image\" content=\"https:\/\/t-tresserras.com\/wp-content\/uploads\/2014\/08\/NOTICIA_1.jpg\" \/>\n\t<meta property=\"og:image:width\" content=\"797\" \/>\n\t<meta property=\"og:image:height\" content=\"306\" \/>\n\t<meta property=\"og:image:type\" content=\"image\/jpeg\" \/>\n<meta name=\"author\" content=\"Meritxell Mis\" \/>\n<meta name=\"twitter:card\" content=\"summary_large_image\" \/>\n<meta name=\"twitter:label1\" content=\"\u00c9crit par\" \/>\n\t<meta name=\"twitter:data1\" content=\"Meritxell Mis\" \/>\n<script type=\"application\/ld+json\" class=\"yoast-schema-graph\">{\"@context\":\"https:\\\/\\\/schema.org\",\"@graph\":[{\"@type\":\"Article\",\"@id\":\"https:\\\/\\\/t-tresserras.com\\\/fr\\\/implantation-du-nouveau-systeme-de-gestion-ifs%e2%80%a8\\\/#article\",\"isPartOf\":{\"@id\":\"https:\\\/\\\/t-tresserras.com\\\/fr\\\/implantation-du-nouveau-systeme-de-gestion-ifs%e2%80%a8\\\/\"},\"author\":{\"name\":\"Meritxell Mis\",\"@id\":\"https:\\\/\\\/t-tresserras.com\\\/fr\\\/#\\\/schema\\\/person\\\/93a223de43b778161de16b9700f9a095\"},\"headline\":\"IMPLANTATION DU NOUVEAU SYST\u00c8ME DE GESTION IFS\\u2028\",\"datePublished\":\"2017-11-10T11:32:29+00:00\",\"dateModified\":\"2021-10-20T12:01:26+00:00\",\"mainEntityOfPage\":{\"@id\":\"https:\\\/\\\/t-tresserras.com\\\/fr\\\/implantation-du-nouveau-systeme-de-gestion-ifs%e2%80%a8\\\/\"},\"wordCount\":105,\"publisher\":{\"@id\":\"https:\\\/\\\/t-tresserras.com\\\/fr\\\/#organization\"},\"image\":{\"@id\":\"https:\\\/\\\/t-tresserras.com\\\/fr\\\/implantation-du-nouveau-systeme-de-gestion-ifs%e2%80%a8\\\/#primaryimage\"},\"thumbnailUrl\":\"https:\\\/\\\/t-tresserras.com\\\/wp-content\\\/uploads\\\/2014\\\/08\\\/NOTICIA_1.jpg\",\"articleSection\":[\"S\u00c9CURIT\u00c9\"],\"inLanguage\":\"fr-FR\"},{\"@type\":\"WebPage\",\"@id\":\"https:\\\/\\\/t-tresserras.com\\\/fr\\\/implantation-du-nouveau-systeme-de-gestion-ifs%e2%80%a8\\\/\",\"url\":\"https:\\\/\\\/t-tresserras.com\\\/fr\\\/implantation-du-nouveau-systeme-de-gestion-ifs%e2%80%a8\\\/\",\"name\":\"Syst\u00e8me IFS\",\"isPartOf\":{\"@id\":\"https:\\\/\\\/t-tresserras.com\\\/fr\\\/#website\"},\"primaryImageOfPage\":{\"@id\":\"https:\\\/\\\/t-tresserras.com\\\/fr\\\/implantation-du-nouveau-systeme-de-gestion-ifs%e2%80%a8\\\/#primaryimage\"},\"image\":{\"@id\":\"https:\\\/\\\/t-tresserras.com\\\/fr\\\/implantation-du-nouveau-systeme-de-gestion-ifs%e2%80%a8\\\/#primaryimage\"},\"thumbnailUrl\":\"https:\\\/\\\/t-tresserras.com\\\/wp-content\\\/uploads\\\/2014\\\/08\\\/NOTICIA_1.jpg\",\"datePublished\":\"2017-11-10T11:32:29+00:00\",\"dateModified\":\"2021-10-20T12:01:26+00:00\",\"description\":\"Tresserras Transporte de grupaje internacional de mercanc\u00edas a temperatura controlada y logistica. IMPLANTATION DU NOUVEAU SYST\u00c8ME DE GESTION IFS\\u2028 . Chez Transports Tresserras, visant \u00e0 garantir la s\u00e9curit\u00e9 alimentaire des personnes qui consomment les aliments que nous transportons, nous avons mis\u00e9 sur\",\"breadcrumb\":{\"@id\":\"https:\\\/\\\/t-tresserras.com\\\/fr\\\/implantation-du-nouveau-systeme-de-gestion-ifs%e2%80%a8\\\/#breadcrumb\"},\"inLanguage\":\"fr-FR\",\"potentialAction\":[{\"@type\":\"ReadAction\",\"target\":[\"https:\\\/\\\/t-tresserras.com\\\/fr\\\/implantation-du-nouveau-systeme-de-gestion-ifs%e2%80%a8\\\/\"]}]},{\"@type\":\"ImageObject\",\"inLanguage\":\"fr-FR\",\"@id\":\"https:\\\/\\\/t-tresserras.com\\\/fr\\\/implantation-du-nouveau-systeme-de-gestion-ifs%e2%80%a8\\\/#primaryimage\",\"url\":\"https:\\\/\\\/t-tresserras.com\\\/wp-content\\\/uploads\\\/2014\\\/08\\\/NOTICIA_1.jpg\",\"contentUrl\":\"https:\\\/\\\/t-tresserras.com\\\/wp-content\\\/uploads\\\/2014\\\/08\\\/NOTICIA_1.jpg\",\"width\":\"797\",\"height\":\"306\"},{\"@type\":\"BreadcrumbList\",\"@id\":\"https:\\\/\\\/t-tresserras.com\\\/fr\\\/implantation-du-nouveau-systeme-de-gestion-ifs%e2%80%a8\\\/#breadcrumb\",\"itemListElement\":[{\"@type\":\"ListItem\",\"position\":1,\"name\":\"Inici\",\"item\":\"https:\\\/\\\/t-tresserras.com\\\/fr\\\/home\\\/\"},{\"@type\":\"ListItem\",\"position\":2,\"name\":\"IMPLANTATION DU NOUVEAU SYST\u00c8ME DE GESTION IFS\\u2028\"}]},{\"@type\":\"WebSite\",\"@id\":\"https:\\\/\\\/t-tresserras.com\\\/fr\\\/#website\",\"url\":\"https:\\\/\\\/t-tresserras.com\\\/fr\\\/\",\"name\":\"Transports Tresserras\",\"description\":\"Altre lloc gestionat amb el WordPress\",\"publisher\":{\"@id\":\"https:\\\/\\\/t-tresserras.com\\\/fr\\\/#organization\"},\"potentialAction\":[{\"@type\":\"SearchAction\",\"target\":{\"@type\":\"EntryPoint\",\"urlTemplate\":\"https:\\\/\\\/t-tresserras.com\\\/fr\\\/?s={search_term_string}\"},\"query-input\":{\"@type\":\"PropertyValueSpecification\",\"valueRequired\":true,\"valueName\":\"search_term_string\"}}],\"inLanguage\":\"fr-FR\"},{\"@type\":\"Organization\",\"@id\":\"https:\\\/\\\/t-tresserras.com\\\/fr\\\/#organization\",\"name\":\"Transportes Tresserras\",\"url\":\"https:\\\/\\\/t-tresserras.com\\\/fr\\\/\",\"logo\":{\"@type\":\"ImageObject\",\"inLanguage\":\"fr-FR\",\"@id\":\"https:\\\/\\\/t-tresserras.com\\\/fr\\\/#\\\/schema\\\/logo\\\/image\\\/\",\"url\":\"https:\\\/\\\/t-tresserras.com\\\/wp-content\\\/uploads\\\/2017\\\/07\\\/t-tresserras.jpg\",\"contentUrl\":\"https:\\\/\\\/t-tresserras.com\\\/wp-content\\\/uploads\\\/2017\\\/07\\\/t-tresserras.jpg\",\"width\":1144,\"height\":507,\"caption\":\"Transportes Tresserras\"},\"image\":{\"@id\":\"https:\\\/\\\/t-tresserras.com\\\/fr\\\/#\\\/schema\\\/logo\\\/image\\\/\"},\"sameAs\":[\"https:\\\/\\\/www.facebook.com\\\/pages\\\/Transports-Tresserras\",\"https:\\\/\\\/www.linkedin.com\\\/company\\\/transporte-t-tresserras\"]},{\"@type\":\"Person\",\"@id\":\"https:\\\/\\\/t-tresserras.com\\\/fr\\\/#\\\/schema\\\/person\\\/93a223de43b778161de16b9700f9a095\",\"name\":\"Meritxell Mis\",\"image\":{\"@type\":\"ImageObject\",\"inLanguage\":\"fr-FR\",\"@id\":\"https:\\\/\\\/secure.gravatar.com\\\/avatar\\\/83ad96b303785e45cf7dd536eead474a588b8d4edd93bd665c78f4a3ce2b8e87?s=96&d=mm&r=g\",\"url\":\"https:\\\/\\\/secure.gravatar.com\\\/avatar\\\/83ad96b303785e45cf7dd536eead474a588b8d4edd93bd665c78f4a3ce2b8e87?s=96&d=mm&r=g\",\"contentUrl\":\"https:\\\/\\\/secure.gravatar.com\\\/avatar\\\/83ad96b303785e45cf7dd536eead474a588b8d4edd93bd665c78f4a3ce2b8e87?s=96&d=mm&r=g\",\"caption\":\"Meritxell Mis\"}}]}<\/script>\n<!-- \/ Yoast SEO plugin. -->","yoast_head_json":{"title":"Syst\u00e8me IFS","description":"Tresserras Transporte de grupaje internacional de mercanc\u00edas a temperatura controlada y logistica. IMPLANTATION DU NOUVEAU SYST\u00c8ME DE GESTION IFS\u2028 . Chez Transports Tresserras, visant \u00e0 garantir la s\u00e9curit\u00e9 alimentaire des personnes qui consomment les aliments que nous transportons, nous avons mis\u00e9 sur","robots":{"index":"index","follow":"follow","max-snippet":"max-snippet:-1","max-image-preview":"max-image-preview:large","max-video-preview":"max-video-preview:-1"},"canonical":"https:\/\/t-tresserras.com\/fr\/implantation-du-nouveau-systeme-de-gestion-ifs%e2%80%a8\/","og_locale":"fr_FR","og_type":"article","og_title":"Syst\u00e8me IFS","og_description":"Tresserras Transporte de grupaje internacional de mercanc\u00edas a temperatura controlada y logistica. IMPLANTATION DU NOUVEAU SYST\u00c8ME DE GESTION IFS\u2028 . Chez Transports Tresserras, visant \u00e0 garantir la s\u00e9curit\u00e9 alimentaire des personnes qui consomment les aliments que nous transportons, nous avons mis\u00e9 sur","og_url":"https:\/\/t-tresserras.com\/fr\/implantation-du-nouveau-systeme-de-gestion-ifs%e2%80%a8\/","og_site_name":"Transports Tresserras","article_publisher":"https:\/\/www.facebook.com\/pages\/Transports-Tresserras","article_published_time":"2017-11-10T11:32:29+00:00","article_modified_time":"2021-10-20T12:01:26+00:00","og_image":[{"width":797,"height":306,"url":"https:\/\/t-tresserras.com\/wp-content\/uploads\/2014\/08\/NOTICIA_1.jpg","type":"image\/jpeg"}],"author":"Meritxell Mis","twitter_card":"summary_large_image","twitter_misc":{"\u00c9crit par":"Meritxell Mis"},"schema":{"@context":"https:\/\/schema.org","@graph":[{"@type":"Article","@id":"https:\/\/t-tresserras.com\/fr\/implantation-du-nouveau-systeme-de-gestion-ifs%e2%80%a8\/#article","isPartOf":{"@id":"https:\/\/t-tresserras.com\/fr\/implantation-du-nouveau-systeme-de-gestion-ifs%e2%80%a8\/"},"author":{"name":"Meritxell Mis","@id":"https:\/\/t-tresserras.com\/fr\/#\/schema\/person\/93a223de43b778161de16b9700f9a095"},"headline":"IMPLANTATION DU NOUVEAU SYST\u00c8ME DE GESTION IFS\u2028","datePublished":"2017-11-10T11:32:29+00:00","dateModified":"2021-10-20T12:01:26+00:00","mainEntityOfPage":{"@id":"https:\/\/t-tresserras.com\/fr\/implantation-du-nouveau-systeme-de-gestion-ifs%e2%80%a8\/"},"wordCount":105,"publisher":{"@id":"https:\/\/t-tresserras.com\/fr\/#organization"},"image":{"@id":"https:\/\/t-tresserras.com\/fr\/implantation-du-nouveau-systeme-de-gestion-ifs%e2%80%a8\/#primaryimage"},"thumbnailUrl":"https:\/\/t-tresserras.com\/wp-content\/uploads\/2014\/08\/NOTICIA_1.jpg","articleSection":["S\u00c9CURIT\u00c9"],"inLanguage":"fr-FR"},{"@type":"WebPage","@id":"https:\/\/t-tresserras.com\/fr\/implantation-du-nouveau-systeme-de-gestion-ifs%e2%80%a8\/","url":"https:\/\/t-tresserras.com\/fr\/implantation-du-nouveau-systeme-de-gestion-ifs%e2%80%a8\/","name":"Syst\u00e8me IFS","isPartOf":{"@id":"https:\/\/t-tresserras.com\/fr\/#website"},"primaryImageOfPage":{"@id":"https:\/\/t-tresserras.com\/fr\/implantation-du-nouveau-systeme-de-gestion-ifs%e2%80%a8\/#primaryimage"},"image":{"@id":"https:\/\/t-tresserras.com\/fr\/implantation-du-nouveau-systeme-de-gestion-ifs%e2%80%a8\/#primaryimage"},"thumbnailUrl":"https:\/\/t-tresserras.com\/wp-content\/uploads\/2014\/08\/NOTICIA_1.jpg","datePublished":"2017-11-10T11:32:29+00:00","dateModified":"2021-10-20T12:01:26+00:00","description":"Tresserras Transporte de grupaje internacional de mercanc\u00edas a temperatura controlada y logistica. IMPLANTATION DU NOUVEAU SYST\u00c8ME DE GESTION IFS\u2028 . Chez Transports Tresserras, visant \u00e0 garantir la s\u00e9curit\u00e9 alimentaire des personnes qui consomment les aliments que nous transportons, nous avons mis\u00e9 sur","breadcrumb":{"@id":"https:\/\/t-tresserras.com\/fr\/implantation-du-nouveau-systeme-de-gestion-ifs%e2%80%a8\/#breadcrumb"},"inLanguage":"fr-FR","potentialAction":[{"@type":"ReadAction","target":["https:\/\/t-tresserras.com\/fr\/implantation-du-nouveau-systeme-de-gestion-ifs%e2%80%a8\/"]}]},{"@type":"ImageObject","inLanguage":"fr-FR","@id":"https:\/\/t-tresserras.com\/fr\/implantation-du-nouveau-systeme-de-gestion-ifs%e2%80%a8\/#primaryimage","url":"https:\/\/t-tresserras.com\/wp-content\/uploads\/2014\/08\/NOTICIA_1.jpg","contentUrl":"https:\/\/t-tresserras.com\/wp-content\/uploads\/2014\/08\/NOTICIA_1.jpg","width":"797","height":"306"},{"@type":"BreadcrumbList","@id":"https:\/\/t-tresserras.com\/fr\/implantation-du-nouveau-systeme-de-gestion-ifs%e2%80%a8\/#breadcrumb","itemListElement":[{"@type":"ListItem","position":1,"name":"Inici","item":"https:\/\/t-tresserras.com\/fr\/home\/"},{"@type":"ListItem","position":2,"name":"IMPLANTATION DU NOUVEAU SYST\u00c8ME DE GESTION IFS\u2028"}]},{"@type":"WebSite","@id":"https:\/\/t-tresserras.com\/fr\/#website","url":"https:\/\/t-tresserras.com\/fr\/","name":"Transports Tresserras","description":"Altre lloc gestionat amb el WordPress","publisher":{"@id":"https:\/\/t-tresserras.com\/fr\/#organization"},"potentialAction":[{"@type":"SearchAction","target":{"@type":"EntryPoint","urlTemplate":"https:\/\/t-tresserras.com\/fr\/?s={search_term_string}"},"query-input":{"@type":"PropertyValueSpecification","valueRequired":true,"valueName":"search_term_string"}}],"inLanguage":"fr-FR"},{"@type":"Organization","@id":"https:\/\/t-tresserras.com\/fr\/#organization","name":"Transportes Tresserras","url":"https:\/\/t-tresserras.com\/fr\/","logo":{"@type":"ImageObject","inLanguage":"fr-FR","@id":"https:\/\/t-tresserras.com\/fr\/#\/schema\/logo\/image\/","url":"https:\/\/t-tresserras.com\/wp-content\/uploads\/2017\/07\/t-tresserras.jpg","contentUrl":"https:\/\/t-tresserras.com\/wp-content\/uploads\/2017\/07\/t-tresserras.jpg","width":1144,"height":507,"caption":"Transportes Tresserras"},"image":{"@id":"https:\/\/t-tresserras.com\/fr\/#\/schema\/logo\/image\/"},"sameAs":["https:\/\/www.facebook.com\/pages\/Transports-Tresserras","https:\/\/www.linkedin.com\/company\/transporte-t-tresserras"]},{"@type":"Person","@id":"https:\/\/t-tresserras.com\/fr\/#\/schema\/person\/93a223de43b778161de16b9700f9a095","name":"Meritxell Mis","image":{"@type":"ImageObject","inLanguage":"fr-FR","@id":"https:\/\/secure.gravatar.com\/avatar\/83ad96b303785e45cf7dd536eead474a588b8d4edd93bd665c78f4a3ce2b8e87?s=96&d=mm&r=g","url":"https:\/\/secure.gravatar.com\/avatar\/83ad96b303785e45cf7dd536eead474a588b8d4edd93bd665c78f4a3ce2b8e87?s=96&d=mm&r=g","contentUrl":"https:\/\/secure.gravatar.com\/avatar\/83ad96b303785e45cf7dd536eead474a588b8d4edd93bd665c78f4a3ce2b8e87?s=96&d=mm&r=g","caption":"Meritxell Mis"}}]}},"_links":{"self":[{"href":"https:\/\/t-tresserras.com\/fr\/wp-json\/wp\/v2\/posts\/4535","targetHints":{"allow":["GET"]}}],"collection":[{"href":"https:\/\/t-tresserras.com\/fr\/wp-json\/wp\/v2\/posts"}],"about":[{"href":"https:\/\/t-tresserras.com\/fr\/wp-json\/wp\/v2\/types\/post"}],"author":[{"embeddable":true,"href":"https:\/\/t-tresserras.com\/fr\/wp-json\/wp\/v2\/users\/2"}],"replies":[{"embeddable":true,"href":"https:\/\/t-tresserras.com\/fr\/wp-json\/wp\/v2\/comments?post=4535"}],"version-history":[{"count":0,"href":"https:\/\/t-tresserras.com\/fr\/wp-json\/wp\/v2\/posts\/4535\/revisions"}],"wp:featuredmedia":[{"embeddable":true,"href":"https:\/\/t-tresserras.com\/fr\/wp-json\/wp\/v2\/media\/951"}],"wp:attachment":[{"href":"https:\/\/t-tresserras.com\/fr\/wp-json\/wp\/v2\/media?parent=4535"}],"wp:term":[{"taxonomy":"category","embeddable":true,"href":"https:\/\/t-tresserras.com\/fr\/wp-json\/wp\/v2\/categories?post=4535"},{"taxonomy":"post_tag","embeddable":true,"href":"https:\/\/t-tresserras.com\/fr\/wp-json\/wp\/v2\/tags?post=4535"}],"curies":[{"name":"wp","href":"https:\/\/api.w.org\/{rel}","templated":true}]}}